{"id":136,"date":"2021-04-16T16:40:33","date_gmt":"2021-04-16T16:40:33","guid":{"rendered":"https:\/\/woodenroute.ekarpaty.com\/?p=136"},"modified":"2022-01-15T23:06:15","modified_gmt":"2022-01-15T21:06:15","slug":"czerkva-rizdva-bogorodiczi","status":"publish","type":"post","link":"https:\/\/woodenroute.ekarpaty.com\/pl\/czerkva-rizdva-bogorodiczi\/","title":{"rendered":"Cerkiew Narodzenia Naj\u015bwi\u0119tszej Marii Panny"},"content":{"rendered":"<p><div class=\"fusion-fullwidth fullwidth-box fusion-builder-row-3 fusion-flex-container nonhundred-percent-fullwidth non-hundred-percent-height-scrolling\" style=\"background-color: rgba(255,255,255,0);background-position: center center;background-repeat: no-repeat;border-width: 0px 0px 0px 0px;border-color:#e2e2e2;border-style:solid;\" ><div class=\"fusion-builder-row fusion-row fusion-flex-align-items-flex-start\" style=\"max-width:1123.2px;margin-left: calc(-4% \/ 2 );margin-right: calc(-4% \/ 2 );\"><div class=\"fusion-layout-column fusion_builder_column fusion-builder-column-3 fusion_builder_column_1_3 1_3 fusion-flex-column\"><div class=\"fusion-column-wrapper fusion-flex-justify-content-flex-start fusion-content-layout-column\" style=\"background-position:left top;background-repeat:no-repeat;-webkit-background-size:cover;-moz-background-size:cover;-o-background-size:cover;background-size:cover;padding: 0px 0px 0px 0px;\"><ul class=\"fusion-checklist fusion-checklist-2 fusion-checklist-divider\" style=\"font-size:18px;line-height:30.6px;\"><li class=\"fusion-li-item\" style=\"border-bottom-color:#5d2626\"><span style=\"height:30.6px;width:30.6px;margin-right:12.6px;\" class=\"icon-wrapper circle-no\"><i class=\"fusion-li-icon fa-clock fas\" style=\"color:#5d2626;\" aria-hidden=\"true\"><\/i><\/span><div class=\"fusion-li-item-content\" style=\"margin-left:43.2px;\">\n<p class=\"western\" lang=\"en-US\"><span style=\"font-family: Cambria, serif;\"><span style=\"font-size: medium;\"><span lang=\"en-US\">Za\u0142o\u017cona w 16<\/span><\/span><\/span><span style=\"font-family: Cambria, serif;\"><span style=\"font-size: medium;\"><span lang=\"pl-PL\">70<\/span><\/span><\/span><span style=\"font-family: Cambria, serif;\"><span style=\"font-size: medium;\"><span lang=\"en-US\"> roku<\/span><\/span><\/span><\/p>\n<\/div><\/li><li class=\"fusion-li-item\" style=\"border-bottom-color:#5d2626\"><span style=\"height:30.6px;width:30.6px;margin-right:12.6px;\" class=\"icon-wrapper circle-no\"><i class=\"fusion-li-icon fa-map-marker-alt fas\" style=\"color:#5d2626;\" aria-hidden=\"true\"><\/i><\/span><div class=\"fusion-li-item-content\" style=\"margin-left:43.2px;\">\n<p><a href=\"https:\/\/goo.gl\/maps\/6dN9jH3ATNKVpwoj8\">Ukraina, Jawor\u00f3w, obw\u00f3d lwowski<\/a><\/p>\n<\/div><\/li><\/ul><div class=\"fusion-separator fusion-full-width-sep\" style=\"align-self: center;margin-left: auto;margin-right: auto;margin-top:30px;width:100%;\"><div class=\"fusion-separator-border sep-single sep-solid\" style=\"border-color:#ffffff;border-top-width:1px;\"><\/div><\/div><style type=\"text\/css\">.fusion-gallery-2 .fusion-gallery-image {border:0px solid #e2e2e2;}<\/style><div class=\"fusion-gallery fusion-gallery-container fusion-grid-1 fusion-columns-total-3 fusion-gallery-layout-grid fusion-gallery-2\" style=\"margin:-5px;\"><div style=\"padding:5px;\" class=\"fusion-grid-column fusion-gallery-column fusion-gallery-column-1 hover-type-none\"><div class=\"fusion-gallery-image\"><a href=\"https:\/\/woodenroute.ekarpaty.com\/wp-content\/uploads\/2021\/04\/yavoriv-cerkva-rizdva-01-moryk-scaled.jpg\" rel=\"noreferrer\" data-rel=\"iLightbox[gallery_image_2]\" class=\"fusion-lightbox\" target=\"_self\"><img decoding=\"async\" src=\"https:\/\/woodenroute.ekarpaty.com\/wp-content\/uploads\/2021\/04\/yavoriv-cerkva-rizdva-01-moryk-scaled.jpg\" data-orig-src=\"https:\/\/woodenroute.ekarpaty.com\/wp-content\/uploads\/2021\/04\/yavoriv-cerkva-rizdva-01-moryk-scaled.jpg\" width=\"1280\" height=\"857\" alt=\"\" title=\"Yavoriv &#8211; cerkva Rizdva &#8211; 01 (Moryk)\" aria-label=\"Yavoriv &#8211; cerkva Rizdva &#8211; 01 (Moryk)\" class=\"lazyload img-responsive wp-image-137\" srcset=\"data:image\/svg+xml,%3Csvg%20xmlns%3D%27http%3A%2F%2Fwww.w3.org%2F2000%2Fsvg%27%20width%3D%271280%27%20height%3D%27857%27%20viewBox%3D%270%200%201280%20857%27%3E%3Crect%20width%3D%271280%27%20height%3D%27857%27%20fill-opacity%3D%220%22%2F%3E%3C%2Fsvg%3E\" data-srcset=\"https:\/\/woodenroute.ekarpaty.com\/wp-content\/uploads\/2021\/04\/yavoriv-cerkva-rizdva-01-moryk-200x134.jpg 200w, https:\/\/woodenroute.ekarpaty.com\/wp-content\/uploads\/2021\/04\/yavoriv-cerkva-rizdva-01-moryk-400x268.jpg 400w, https:\/\/woodenroute.ekarpaty.com\/wp-content\/uploads\/2021\/04\/yavoriv-cerkva-rizdva-01-moryk-600x402.jpg 600w, https:\/\/woodenroute.ekarpaty.com\/wp-content\/uploads\/2021\/04\/yavoriv-cerkva-rizdva-01-moryk-800x536.jpg 800w, https:\/\/woodenroute.ekarpaty.com\/wp-content\/uploads\/2021\/04\/yavoriv-cerkva-rizdva-01-moryk-1200x803.jpg 1200w, https:\/\/woodenroute.ekarpaty.com\/wp-content\/uploads\/2021\/04\/yavoriv-cerkva-rizdva-01-moryk-scaled.jpg 1280w\" data-sizes=\"auto\" data-orig-sizes=\"(min-width: 2200px) 100vw, (min-width: 640px) 1080px, \" \/><\/a><\/div><\/div><div class=\"clearfix\"><\/div><div style=\"padding:5px;\" class=\"fusion-grid-column fusion-gallery-column fusion-gallery-column-1 hover-type-none\"><div class=\"fusion-gallery-image\"><a href=\"https:\/\/woodenroute.ekarpaty.com\/wp-content\/uploads\/2021\/04\/yavoriv-cerkva-rizdva-08-t.hryhoryeva-scaled.jpg\" rel=\"noreferrer\" data-rel=\"iLightbox[gallery_image_2]\" class=\"fusion-lightbox\" target=\"_self\"><img decoding=\"async\" src=\"https:\/\/woodenroute.ekarpaty.com\/wp-content\/uploads\/2021\/04\/yavoriv-cerkva-rizdva-08-t.hryhoryeva-scaled.jpg\" data-orig-src=\"https:\/\/woodenroute.ekarpaty.com\/wp-content\/uploads\/2021\/04\/yavoriv-cerkva-rizdva-08-t.hryhoryeva-scaled.jpg\" width=\"850\" height=\"1280\" alt=\"\" title=\"Yavoriv &#8211; cerkva Rizdva &#8211; 08 (T.Hryhoryeva)\" aria-label=\"Yavoriv &#8211; cerkva Rizdva &#8211; 08 (T.Hryhoryeva)\" class=\"lazyload img-responsive wp-image-139\" srcset=\"data:image\/svg+xml,%3Csvg%20xmlns%3D%27http%3A%2F%2Fwww.w3.org%2F2000%2Fsvg%27%20width%3D%27850%27%20height%3D%271280%27%20viewBox%3D%270%200%20850%201280%27%3E%3Crect%20width%3D%27850%27%20height%3D%271280%27%20fill-opacity%3D%220%22%2F%3E%3C%2Fsvg%3E\" data-srcset=\"https:\/\/woodenroute.ekarpaty.com\/wp-content\/uploads\/2021\/04\/yavoriv-cerkva-rizdva-08-t.hryhoryeva-200x301.jpg 200w, https:\/\/woodenroute.ekarpaty.com\/wp-content\/uploads\/2021\/04\/yavoriv-cerkva-rizdva-08-t.hryhoryeva-400x602.jpg 400w, https:\/\/woodenroute.ekarpaty.com\/wp-content\/uploads\/2021\/04\/yavoriv-cerkva-rizdva-08-t.hryhoryeva-600x903.jpg 600w, https:\/\/woodenroute.ekarpaty.com\/wp-content\/uploads\/2021\/04\/yavoriv-cerkva-rizdva-08-t.hryhoryeva-800x1204.jpg 800w, https:\/\/woodenroute.ekarpaty.com\/wp-content\/uploads\/2021\/04\/yavoriv-cerkva-rizdva-08-t.hryhoryeva-scaled.jpg 850w, https:\/\/woodenroute.ekarpaty.com\/wp-content\/uploads\/2021\/04\/yavoriv-cerkva-rizdva-08-t.hryhoryeva-1200x1806.jpg 1200w\" data-sizes=\"auto\" data-orig-sizes=\"(min-width: 2200px) 100vw, (min-width: 640px) 1080px, \" \/><\/a><\/div><\/div><div class=\"clearfix\"><\/div><div style=\"padding:5px;\" class=\"fusion-grid-column fusion-gallery-column fusion-gallery-column-1 hover-type-none\"><div class=\"fusion-gallery-image\"><a href=\"https:\/\/woodenroute.ekarpaty.com\/wp-content\/uploads\/2021\/04\/yavoriv-cerkva-rizdva-09-hubi-scaled.jpg\" rel=\"noreferrer\" data-rel=\"iLightbox[gallery_image_2]\" class=\"fusion-lightbox\" target=\"_self\"><img decoding=\"async\" src=\"https:\/\/woodenroute.ekarpaty.com\/wp-content\/uploads\/2021\/04\/yavoriv-cerkva-rizdva-09-hubi-scaled.jpg\" data-orig-src=\"https:\/\/woodenroute.ekarpaty.com\/wp-content\/uploads\/2021\/04\/yavoriv-cerkva-rizdva-09-hubi-scaled.jpg\" width=\"853\" height=\"1280\" alt=\"\" title=\"Yavoriv &#8211; cerkva Rizdva &#8211; 09 (Hubi)\" aria-label=\"Yavoriv &#8211; cerkva Rizdva &#8211; 09 (Hubi)\" class=\"lazyload img-responsive wp-image-140\" srcset=\"data:image\/svg+xml,%3Csvg%20xmlns%3D%27http%3A%2F%2Fwww.w3.org%2F2000%2Fsvg%27%20width%3D%27853%27%20height%3D%271280%27%20viewBox%3D%270%200%20853%201280%27%3E%3Crect%20width%3D%27853%27%20height%3D%271280%27%20fill-opacity%3D%220%22%2F%3E%3C%2Fsvg%3E\" data-srcset=\"https:\/\/woodenroute.ekarpaty.com\/wp-content\/uploads\/2021\/04\/yavoriv-cerkva-rizdva-09-hubi-200x300.jpg 200w, https:\/\/woodenroute.ekarpaty.com\/wp-content\/uploads\/2021\/04\/yavoriv-cerkva-rizdva-09-hubi-400x600.jpg 400w, https:\/\/woodenroute.ekarpaty.com\/wp-content\/uploads\/2021\/04\/yavoriv-cerkva-rizdva-09-hubi-600x900.jpg 600w, https:\/\/woodenroute.ekarpaty.com\/wp-content\/uploads\/2021\/04\/yavoriv-cerkva-rizdva-09-hubi-800x1200.jpg 800w, https:\/\/woodenroute.ekarpaty.com\/wp-content\/uploads\/2021\/04\/yavoriv-cerkva-rizdva-09-hubi-scaled.jpg 853w, https:\/\/woodenroute.ekarpaty.com\/wp-content\/uploads\/2021\/04\/yavoriv-cerkva-rizdva-09-hubi-1200x1800.jpg 1200w\" data-sizes=\"auto\" data-orig-sizes=\"(min-width: 2200px) 100vw, (min-width: 640px) 1080px, \" \/><\/a><\/div><\/div><div class=\"clearfix\"><\/div><\/div><\/div><style type=\"text\/css\">.fusion-body .fusion-builder-column-3{width:33.333333333333% !important;margin-top : 0px;margin-bottom : 20px;}.fusion-builder-column-3 > .fusion-column-wrapper {padding-top : 0px !important;padding-right : 0px !important;margin-right : 5.76%;padding-bottom : 0px !important;padding-left : 0px !important;margin-left : 5.76%;}@media only screen and (max-width:1024px) {.fusion-body .fusion-builder-column-3{width:33.333333333333% !important;order : 0;}.fusion-builder-column-3 > .fusion-column-wrapper {margin-right : 5.76%;margin-left : 5.76%;}}@media only screen and (max-width:640px) {.fusion-body .fusion-builder-column-3{width:100% !important;order : 0;}.fusion-builder-column-3 > .fusion-column-wrapper {margin-right : 1.92%;margin-left : 1.92%;}}<\/style><\/div><div class=\"fusion-layout-column fusion_builder_column fusion-builder-column-4 fusion_builder_column_2_3 2_3 fusion-flex-column\"><div class=\"fusion-column-wrapper fusion-flex-justify-content-flex-start fusion-content-layout-column\" style=\"background-position:left top;background-repeat:no-repeat;-webkit-background-size:cover;-moz-background-size:cover;-o-background-size:cover;background-size:cover;padding: 0px 0px 0px 0px;\"><div class=\"fusion-text fusion-text-3\"><p class=\"western\" lang=\"en-US\"><span style=\"font-family: Cambria, serif;\"><span style=\"font-size: medium;\"><span lang=\"pl\">Jawor\u00f3w turystami nie ob\u0142askawiony, a<\/span><\/span><\/span> <span style=\"font-family: Cambria, serif;\"><span style=\"font-size: medium;\"><span lang=\"en-US\">daremnie<\/span><\/span><\/span><span style=\"font-family: Cambria, serif;\"><span style=\"font-size: medium;\"><span lang=\"pl\">. S\u0105 tu ciekawostki. Miasto mo\u017ce pochwali\u0107 si\u0119 kilkoma swoimi urokami, takimi jak neobizantyjsk<\/span><\/span><\/span><span style=\"font-family: Cambria, serif;\"><span style=\"font-size: medium;\"><span lang=\"pl-PL\">a<\/span><\/span><\/span><span style=\"font-family: Cambria, serif;\"><span style=\"font-size: medium;\"><span lang=\"pl\"> murowan<\/span><\/span><\/span><span style=\"font-family: Cambria, serif;\"><span style=\"font-size: medium;\"><span lang=\"pl-PL\">a<\/span><\/span><\/span> <span style=\"font-family: Cambria, serif;\"><span style=\"font-size: medium;\"><span lang=\"pl-PL\">cerkiew <\/span><\/span><\/span><span style=\"font-family: Cambria, serif;\"><span style=\"font-size: medium;\"><span lang=\"pl\">\u015bw. Jura z okaza\u0142\u0105 wysok\u0105 drewnian\u0105 dzwonnic\u0105, czy ratusz stylizowany na ognisty<\/span><\/span><\/span> <span style=\"font-family: Cambria, serif;\"><span style=\"font-size: medium;\"><span lang=\"pl\">ceglany gotyk europejskiej P\u00f3\u0142nocy. Co\u015b natomiast Jawor\u00f3w ukrywa \u2013 skromny dom, kt\u00f3ry sta\u0142 si\u0119 ulubionym zamkiem my\u015bliwskim najs\u0142ynniejszego polskiego kr\u00f3la Jana III Sobieskiego. Niewielki murowany budynek, kt\u00f3ry przez pewien czas s\u0142u\u017cy\u0142 jako wi\u0119zienie, znajduje si\u0119 na terenie jednostki wojskowej, gdzie tury\u015bci nie maj\u0105 dost\u0119pu.<\/span><\/span><\/span><\/p>\n<p class=\"western\" lang=\"en-US\"><span style=\"font-family: Cambria, serif;\"><span style=\"font-size: medium;\"><span lang=\"pl\">A kr\u00f3lowa wszystkich architektonicznych urok\u00f3w Jaworowa jest gdzie\u015b pomi\u0119dzy tymi kategoriami. Nie trzeba bra\u0107 <\/span><\/span><\/span><span style=\"font-family: Cambria, serif;\"><span style=\"font-size: medium;\"><span lang=\"pl-PL\">ze<\/span><\/span><\/span><span style=\"font-family: Cambria, serif;\"><span style=\"font-size: medium;\"><span lang=\"pl\">zwole\u0144 na ogl\u0119dziny, ale nie mo\u017cna te\u017c znale\u017a\u0107 budynku w centrum miasta. Najstarsza bowiem pami\u0105tka sakralna Jaworowa, drewniana cerkiew Narodzenia NMP, znajduje si\u0119 nieco dalej od centrum administracyjnego, przy ulicy Lwowskiej, na dawnym Ma\u0142ym przedmie\u015bciu.<\/span><\/span><\/span><\/p>\n<p class=\"western\" lang=\"en-US\"><span style=\"font-family: Cambria, serif;\"><span style=\"font-size: medium;\"><span lang=\"pl\">Najpierw na niewielkim wzniesieniu w\u015br\u00f3d tui zabrzmi szara murowana brama-dzwonnica<\/span><\/span><\/span><span style=\"font-family: Cambria, serif;\"><span style=\"font-size: medium;\"><span lang=\"pl-PL\">.<\/span><\/span><\/span><span style=\"font-family: Cambria, serif;\"><span style=\"font-size: medium;\"><span lang=\"pl\"> Dalej jest kamienna \u015bcie\u017cka ogrodowa w\u015br\u00f3d drzew. Terytorium <\/span><\/span><\/span><span style=\"font-family: Cambria, serif;\"><span style=\"font-size: medium;\"><span lang=\"pl-PL\">cerkwi <\/span><\/span><\/span><span style=\"font-family: Cambria, serif;\"><span style=\"font-size: medium;\"><span lang=\"pl\">jest du\u017ce, przestronne, przytulne i bardzo zielone. A oto sama \u015bwi\u0105tynia. Niskie drzwi na staro\u017cytnych, rze\u017abionych zawiasach, podopasanie z otwartego zr\u0119bu, \u015bciany pokryte ma\u0142ymi \u0142uskami szal\u00f3wki pionowej. <\/span><\/span><\/span><\/p>\n<p class=\"western\" lang=\"en-US\"><span style=\"font-family: Cambria, serif;\"><span style=\"font-size: medium;\"><span lang=\"pl\">\u015awi\u0105tynia pod szar\u0105 blaszan\u0105 kopu\u0142\u0105 i tego samego koloru szerokim poddaszem nie wygl\u0105da na sw\u00f3j solidny wiek. Dokumenty wskazuj\u0105 jednak, \u017ce akt erekcyjny pod budow\u0119 \u015bwi\u0105tyni zosta\u0142 wydany przez kr\u00f3la Rzeczypospolitej Micha\u0142a Korybuta Wi\u015bniowieckiego w 1670 roku. I natychmiast zacz\u0119\u0142a si\u0119 praca. Budownicze, kt\u00f3rych wezwa\u0142 ksi\u0105dz Jakiw Zahajew<\/span><\/span><\/span><span style=\"font-family: Cambria, serif;\"><span style=\"font-size: medium;\"><span lang=\"pl-PL\">y<\/span><\/span><\/span><span style=\"font-family: Cambria, serif;\"><span style=\"font-size: medium;\"><span lang=\"pl\">cz, pracowali tak szybko, \u017ce jeszcze w tym samym roku zbudowano <\/span><\/span><\/span><span style=\"font-family: Cambria, serif;\"><span style=\"font-size: medium;\"><span lang=\"pl-PL\">cerkiew <\/span><\/span><\/span><span style=\"font-family: Cambria, serif;\"><span style=\"font-size: medium;\"><span lang=\"pl\">Narodzenia NMP. Prawdopodobnie ci budowniczowie nigdy nie s\u0142yszeli okre\u015blenia \u201e<\/span><\/span><\/span><span style=\"font-family: Cambria, serif;\"><span style=\"font-size: medium;\"><span lang=\"pl\">halick<\/span><\/span><\/span><span style=\"font-family: Cambria, serif;\"><span style=\"font-size: medium;\"><span lang=\"pl-PL\">a <\/span><\/span><\/span><span style=\"font-family: Cambria, serif;\"><span style=\"font-size: medium;\"><span lang=\"pl\">szko\u0142a architektoniczna\u201d, ale to jest w\u0142a\u015bnie ich pomys\u0142: wspania\u0142y przyk\u0142ad <\/span><\/span><\/span><span style=\"font-family: Cambria, serif;\"><span style=\"font-size: medium;\"><span lang=\"pl\">halick<\/span><\/span><\/span><span style=\"font-family: Cambria, serif;\"><span style=\"font-size: medium;\"><span lang=\"pl-PL\">iej <\/span><\/span><\/span><span style=\"font-family: Cambria, serif;\"><span style=\"font-size: medium;\"><span lang=\"pl\">architektury ludowej. <\/span><\/span><\/span><\/p>\n<p class=\"western\" lang=\"en-US\"><span style=\"font-family: Cambria, serif;\"><span style=\"font-size: medium;\"><span lang=\"pl\">Nie na pustym miejscu budowali: gdzie\u015b tu by\u0142y ju\u017c cerkwie poprzedniczki. S\u0105 dane, \u017ce drewniana cerkiew by\u0142a tu jeszcze w 1572 roku. W 1588 r<\/span><\/span><\/span><span style=\"font-family: Cambria, serif;\"><span style=\"font-size: medium;\"><span lang=\"en-US\">oku<\/span><\/span><\/span><span style=\"font-family: Cambria, serif;\"><span style=\"font-size: medium;\"><span lang=\"pl\"> kr\u00f3l Polski Zygmunt III wyda\u0142 zezwolenie na budow\u0119 \u015bwi\u0105tyni dla Rusin\u00f3w. Kto wie, co si\u0119 z nim p\u00f3\u017aniej sta\u0142o? Drewniane \u015bwi\u0105tynie w tamtych czasach mia\u0142y wielu wrog\u00f3w: najazdy tatarskie i cz\u0119ste po\u017cary, a tak\u017ce po prostu nieub\u0142agany czas. <\/span><\/span><\/span><\/p>\n<p class=\"western\" lang=\"en-US\"><span style=\"font-family: Cambria, serif;\"><span style=\"font-size: medium;\"><span lang=\"pl\">Cerkiew, zbudowana w XVII wieku, na pocz\u0105tku swojego \u017cycia by\u0142a mniejsza, bardziej zwarta. Do g\u0142\u00f3wnej bry\u0142y dobudowano dwa boczne skrzyd\u0142a-ramiona projektu znanego halickiego architekta Jewhena Nahirnego przed II wojn\u0105 \u015bwiatow\u0105, w 1939 roku. W ten spos\u00f3b jednokopu\u0142owa cerkiew tr\u00f3jdzielna zosta\u0142a cerkwi\u0105 na planie krzy\u017ca. Wymiary budynku to 14,8 na 14,3 m.<\/span><\/span><\/span><\/p>\n<p class=\"western\" lang=\"en-US\"><span style=\"font-family: Cambria, serif;\"><span style=\"font-size: medium;\"><span lang=\"pl\">Sama nawa jest na planie kwadratu. Na wsch\u00f3d od niej znajduje si\u0119 fasetowany o\u0142tarz, nieco w\u0119\u017cszy od nawy. Od po\u0142udnia i p\u00f3\u0142nocy do cerkwi dobudowano boczne ramiona wykonane w 1939 roku. Zachodnia cz\u0119\u015b\u0107, przez kt\u00f3r\u0105 wierni wchodz\u0105 do cerkwi, to prostok\u0105tny w\u0105ski babiniec. <\/span><\/span><\/span><\/p>\n<p class=\"western\" lang=\"en-US\"><span style=\"font-family: Cambria, serif;\"><span style=\"font-size: medium;\"><span lang=\"pl\">\u015awi\u0105tynia dzia\u0142a\u0142a do 1960 roku. Potem zosta\u0142a zamkni\u0119ta \u2013 urz\u0105dzono tu spichlerz. Bardzo cz\u0119sto by\u0142a to g\u0142o\u015bna nazwa bonz\u00f3w partyjnych: aby uratowa\u0107 staro\u017cytne budowle przed zniszczeniem, wrzucano do nich kilka work\u00f3w zbo\u017ca \u2013 na proform\u0119. Na ratunek.<\/span><\/span><\/span><\/p>\n<p class=\"western\" lang=\"en-US\"><span style=\"font-family: Cambria, serif;\"><span style=\"font-size: medium;\"><span lang=\"pl\">Cerkiew zwr\u00f3cono wiernym u schy\u0142ku agonii ZSRR w 1989 roku. \u015awi\u0105tynia jest obecnie pod opiek\u0105 jednej ze wsp\u00f3lnot greckokatolickich miasta. <\/span><\/span><\/span><\/p>\n<p class=\"western\" lang=\"en-US\"><span style=\"font-family: Cambria, serif;\"><span style=\"font-size: medium;\"><span lang=\"pl\">Wn\u0119trze robi wra\u017cenie wysoki, czterorz\u0119dowy ikonostas barokowy, datowany na 1671 rok. Jego turkusowa rama jest bogato zdobiona eleganckimi z\u0142oconymi rze\u017abami. Szkoda, ale wszystkie obrazy w ikonostasie s\u0105 przemalowane.<\/span><\/span><\/span><\/p>\n<p class=\"western\" lang=\"en-US\"><span style=\"font-family: Cambria, serif;\"><span style=\"font-size: medium;\"><span lang=\"pl\">Okna \u015bwi\u0105tyni ozdobione s\u0105 oryginalnymi monochromatycznymi witra\u017cami. <\/span><\/span><\/span><\/p>\n<p class=\"western\" lang=\"en-US\"><span style=\"font-family: Cambria, serif;\"><span style=\"font-size: medium;\"><span lang=\"pl\">Niedaleko cerkwi stoi jej dzwonnica \u2013 smuk\u0142a i wysoka pod he\u0142mem. Na drugiej kondygnacji znajduje si\u0119 du\u017ca \u0142ukowa galeria. Dzwonnica jest na planie kwadratu, jej wymiary to 4,3 na 4,3 metra.<\/span><\/span><\/span><\/p>\n<p class=\"western\" lang=\"en-US\"><span style=\"font-family: Cambria, serif;\"><span style=\"font-size: medium;\"><span lang=\"pl\">Ciekawym jest te\u017c w\u0142a\u015bnie dziedziniec cerkwi. Podwy\u017cszony kwadratowy teren od ulicy, do doliny rzeki i do s\u0105siednich zabudowa\u0144 przerywaj\u0105 strome skarpy \u2013 podobno teren cerkiewny stanowi\u0142 integraln\u0105 cz\u0119\u015b\u0107 fortyfikacji miejskich. Mo\u017cna zej\u015b\u0107 do wysokiego podziemnego przej\u015bcia o kamiennych \u015bcianach, kt\u00f3re ci\u0105gnie si\u0119 wzd\u0142u\u017c po\u0142udniowego, zwr\u00f3conego w stron\u0119 rzeki skarpa. Podobno prowadzi\u0142 do zamku\u2026 <\/span><\/span><\/span><\/p>\n<\/div><\/div><style type=\"text\/css\">.fusion-body .fusion-builder-column-4{width:66.666666666667% !important;margin-top : 0px;margin-bottom : 20px;}.fusion-builder-column-4 > .fusion-column-wrapper {padding-top : 0px !important;padding-right : 0px !important;margin-right : 2.88%;padding-bottom : 0px !important;padding-left : 0px !important;margin-left : 2.88%;}@media only screen and (max-width:1024px) {.fusion-body .fusion-builder-column-4{width:66.666666666667% !important;order : 0;}.fusion-builder-column-4 > .fusion-column-wrapper {margin-right : 2.88%;margin-left : 2.88%;}}@media only screen and (max-width:640px) {.fusion-body .fusion-builder-column-4{width:100% !important;order : 0;}.fusion-builder-column-4 > .fusion-column-wrapper {margin-right : 1.92%;margin-left : 1.92%;}}<\/style><\/div><\/div><style type=\"text\/css\">.fusion-body .fusion-flex-container.fusion-builder-row-3{ padding-top : 0px;margin-top : 0px;padding-right : 0px;padding-bottom : 0px;margin-bottom : 0px;padding-left : 0px;}<\/style><\/div><div class=\"fusion-fullwidth fullwidth-box fusion-builder-row-4 fusion-flex-container nonhundred-percent-fullwidth non-hundred-percent-height-scrolling\" style=\"background-color: rgba(255,255,255,0);background-position: center center;background-repeat: no-repeat;border-width: 0px 0px 0px 0px;border-color:#e2e2e2;border-style:solid;\" ><div class=\"fusion-builder-row fusion-row fusion-flex-align-items-flex-start\" style=\"max-width:1123.2px;margin-left: calc(-4% \/ 2 );margin-right: calc(-4% \/ 2 );\"><div class=\"fusion-layout-column fusion_builder_column fusion-builder-column-5 fusion_builder_column_1_1 1_1 fusion-flex-column\"><div class=\"fusion-column-wrapper fusion-flex-justify-content-flex-start fusion-content-layout-column\" style=\"background-position:left top;background-repeat:no-repeat;-webkit-background-size:cover;-moz-background-size:cover;-o-background-size:cover;background-size:cover;padding: 0px 0px 0px 0px;\"><style type=\"text\/css\">@media only screen and (max-width:1024px) {.fusion-title.fusion-title-2{margin-top:10px!important; margin-right:0px!important;margin-bottom:15px!important;margin-left:0px!important;}}@media only screen and (max-width:640px) {.fusion-title.fusion-title-2{margin-top:10px!important; margin-right:0px!important;margin-bottom:10px!important; margin-left:0px!important;}}<\/style><div class=\"fusion-title title fusion-title-2 fusion-title-center fusion-title-text fusion-title-size-two\" style=\"margin-top:10px;margin-right:0px;margin-bottom:15px;margin-left:0px;\"><div class=\"title-sep-container title-sep-container-left\"><div class=\"title-sep sep-single sep-solid\" style=\"border-color:#5d2626;\"><\/div><\/div><span class=\"awb-title-spacer\"><\/span><h2 class=\"title-heading-center\" style=\"margin:0;\">Obiekt na mapie<\/h2><span class=\"awb-title-spacer\"><\/span><div class=\"title-sep-container title-sep-container-right\"><div class=\"title-sep sep-single sep-solid\" style=\"border-color:#5d2626;\"><\/div><\/div><\/div><div class=\"fusion-text fusion-text-4\"><p><iframe src=\"https:\/\/umap.openstreetmap.fr\/en\/map\/carpathian-wooden-route_593438?feature=%D0%A6%D0%B5%D1%80%D0%BA%D0%B2%D0%B0%20%D0%A0%D1%96%D0%B7%D0%B4%D0%B2%D0%B0%20%D0%91%D0%BE%D0%B3%D0%BE%D1%80%D0%BE%D0%B4%D0%B8%D1%86%D1%96#13\/49.97140263283704\/23.40055530172593scaleControl=false&amp;miniMap=false&amp;scrollWheelZoom=false&amp;zoomControl=true&amp;allowEdit=false&amp;moreControl=true&amp;searchControl=null&amp;tilelayersControl=null&amp;embedControl=null&amp;datalayersControl=true&amp;onLoadPanel=undefined&amp;captionBar=false\" width=\"100%\" height=\"480px\" frameborder=\"0\" allowfullscreen=\"allowfullscreen\"><\/iframe><\/p>\n<\/div><\/div><style type=\"text\/css\">.fusion-body .fusion-builder-column-5{width:100% !important;margin-top : 0px;margin-bottom : 20px;}.fusion-builder-column-5 > .fusion-column-wrapper {padding-top : 0px !important;padding-right : 0px !important;margin-right : 1.92%;padding-bottom : 0px !important;padding-left : 0px !important;margin-left : 1.92%;}@media only screen and (max-width:1024px) {.fusion-body .fusion-builder-column-5{width:100% !important;order : 0;}.fusion-builder-column-5 > .fusion-column-wrapper {margin-right : 1.92%;margin-left : 1.92%;}}@media only screen and (max-width:640px) {.fusion-body .fusion-builder-column-5{width:100% !important;order : 0;}.fusion-builder-column-5 > .fusion-column-wrapper {margin-right : 1.92%;margin-left : 1.92%;}}<\/style><\/div><\/div><style type=\"text\/css\">.fusion-body .fusion-flex-container.fusion-builder-row-4{ padding-top : 0px;margin-top : 0px;padding-right : 0px;padding-bottom : 0px;margin-bottom : 0px;padding-left : 0px;}<\/style><\/div><\/p>","protected":false},"excerpt":{"rendered":"<p>Jawor\u00f3w, 1670&nbsp;r.<\/p>\n","protected":false},"author":2,"featured_media":138,"comment_status":"open","ping_status":"open","sticky":false,"template":"","format":"standard","meta":{"footnotes":""},"categories":[7],"tags":[20],"class_list":["post-136","post","type-post","status-publish","format-standard","has-post-thumbnail","hentry","category-lviv-region","tag-yavoriv"],"yoast_head":"<!-- This site is optimized with the Yoast SEO plugin v26.3 - https:\/\/yoast.com\/wordpress\/plugins\/seo\/ -->\n<title>Cerkiew Narodzenia Naj\u015bwi\u0119tszej Marii Panny - Carpathian Wooden Route<\/title>\n<meta name=\"robots\" content=\"index, follow, max-snippet:-1, max-image-preview:large, max-video-preview:-1\" \/>\n<link rel=\"canonical\" href=\"https:\/\/woodenroute.ekarpaty.com\/czerkva-rizdva-bogorodiczi\/\" \/>\n<meta property=\"og:locale\" content=\"pl_PL\" \/>\n<meta property=\"og:type\" content=\"article\" \/>\n<meta property=\"og:title\" content=\"Cerkiew Narodzenia Naj\u015bwi\u0119tszej Marii Panny - Carpathian Wooden Route\" \/>\n<meta property=\"og:description\" content=\"Jawor\u00f3w, 1670&nbsp;r.\" \/>\n<meta property=\"og:url\" content=\"https:\/\/woodenroute.ekarpaty.com\/czerkva-rizdva-bogorodiczi\/\" \/>\n<meta property=\"og:site_name\" content=\"Carpathian Wooden Route\" \/>\n<meta property=\"article:published_time\" content=\"2021-04-16T16:40:33+00:00\" \/>\n<meta property=\"article:modified_time\" content=\"2022-01-15T21:06:15+00:00\" \/>\n<meta property=\"og:image\" content=\"https:\/\/woodenroute.ekarpaty.com\/wp-content\/uploads\/2021\/04\/yavoriv-cerkva-rizdva-05-hubi-scaled.jpg\" \/>\n\t<meta property=\"og:image:width\" content=\"1280\" \/>\n\t<meta property=\"og:image:height\" content=\"853\" \/>\n\t<meta property=\"og:image:type\" content=\"image\/jpeg\" \/>\n<meta name=\"author\" content=\"\u0410\u043d\u0442\u043e\u043d \u0421\u043e\u043a\u043e\u043b\u043e\u0432\" \/>\n<meta name=\"twitter:card\" content=\"summary_large_image\" \/>\n<meta name=\"twitter:label1\" content=\"Napisane przez\" \/>\n\t<meta name=\"twitter:data1\" content=\"\u0410\u043d\u0442\u043e\u043d \u0421\u043e\u043a\u043e\u043b\u043e\u0432\" \/>\n\t<meta name=\"twitter:label2\" content=\"Szacowany czas czytania\" \/>\n\t<meta name=\"twitter:data2\" content=\"6 minut\" \/>\n<script type=\"application\/ld+json\" class=\"yoast-schema-graph\">{\"@context\":\"https:\/\/schema.org\",\"@graph\":[{\"@type\":\"WebPage\",\"@id\":\"https:\/\/woodenroute.ekarpaty.com\/czerkva-rizdva-bogorodiczi\/\",\"url\":\"https:\/\/woodenroute.ekarpaty.com\/czerkva-rizdva-bogorodiczi\/\",\"name\":\"[:ua]\u0426\u0435\u0440\u043a\u0432\u0430 \u0420\u0456\u0437\u0434\u0432\u0430 \u0411\u043e\u0433\u043e\u0440\u043e\u0434\u0438\u0446\u0456[:pl]Cerkiew Narodzenia Naj\u015bwi\u0119tszej Marii Panny[:en]Church of the Nativity of the Virgin[:] - Carpathian Wooden Route\",\"isPartOf\":{\"@id\":\"https:\/\/woodenroute.ekarpaty.com\/#website\"},\"primaryImageOfPage\":{\"@id\":\"https:\/\/woodenroute.ekarpaty.com\/czerkva-rizdva-bogorodiczi\/#primaryimage\"},\"image\":{\"@id\":\"https:\/\/woodenroute.ekarpaty.com\/czerkva-rizdva-bogorodiczi\/#primaryimage\"},\"thumbnailUrl\":\"https:\/\/woodenroute.ekarpaty.com\/wp-content\/uploads\/2021\/04\/yavoriv-cerkva-rizdva-05-hubi-scaled.jpg\",\"datePublished\":\"2021-04-16T16:40:33+00:00\",\"dateModified\":\"2022-01-15T21:06:15+00:00\",\"author\":{\"@id\":\"https:\/\/woodenroute.ekarpaty.com\/#\/schema\/person\/da8f4c625d4efdb4ec104877b0ad733f\"},\"breadcrumb\":{\"@id\":\"https:\/\/woodenroute.ekarpaty.com\/czerkva-rizdva-bogorodiczi\/#breadcrumb\"},\"inLanguage\":\"pl-PL\",\"potentialAction\":[{\"@type\":\"ReadAction\",\"target\":[\"https:\/\/woodenroute.ekarpaty.com\/czerkva-rizdva-bogorodiczi\/\"]}]},{\"@type\":\"ImageObject\",\"inLanguage\":\"pl-PL\",\"@id\":\"https:\/\/woodenroute.ekarpaty.com\/czerkva-rizdva-bogorodiczi\/#primaryimage\",\"url\":\"https:\/\/woodenroute.ekarpaty.com\/wp-content\/uploads\/2021\/04\/yavoriv-cerkva-rizdva-05-hubi-scaled.jpg\",\"contentUrl\":\"https:\/\/woodenroute.ekarpaty.com\/wp-content\/uploads\/2021\/04\/yavoriv-cerkva-rizdva-05-hubi-scaled.jpg\",\"width\":1280,\"height\":853},{\"@type\":\"BreadcrumbList\",\"@id\":\"https:\/\/woodenroute.ekarpaty.com\/czerkva-rizdva-bogorodiczi\/#breadcrumb\",\"itemListElement\":[{\"@type\":\"ListItem\",\"position\":1,\"name\":\"Home\",\"item\":\"https:\/\/woodenroute.ekarpaty.com\/\"},{\"@type\":\"ListItem\",\"position\":2,\"name\":\"\u0426\u0435\u0440\u043a\u0432\u0430 \u0420\u0456\u0437\u0434\u0432\u0430 \u0411\u043e\u0433\u043e\u0440\u043e\u0434\u0438\u0446\u0456\"}]},{\"@type\":\"WebSite\",\"@id\":\"https:\/\/woodenroute.ekarpaty.com\/#website\",\"url\":\"https:\/\/woodenroute.ekarpaty.com\/\",\"name\":\"Carpathian Wooden Route\",\"description\":\"\u041f\u043e\u0434\u043e\u0440\u043e\u0436\u0456 \u041a\u0430\u0440\u043f\u0430\u0442\u0430\u043c\u0438\",\"potentialAction\":[{\"@type\":\"SearchAction\",\"target\":{\"@type\":\"EntryPoint\",\"urlTemplate\":\"https:\/\/woodenroute.ekarpaty.com\/?s={search_term_string}\"},\"query-input\":{\"@type\":\"PropertyValueSpecification\",\"valueRequired\":true,\"valueName\":\"search_term_string\"}}],\"inLanguage\":\"pl-PL\"},{\"@type\":\"Person\",\"@id\":\"https:\/\/woodenroute.ekarpaty.com\/#\/schema\/person\/da8f4c625d4efdb4ec104877b0ad733f\",\"name\":\"\u0410\u043d\u0442\u043e\u043d \u0421\u043e\u043a\u043e\u043b\u043e\u0432\",\"image\":{\"@type\":\"ImageObject\",\"inLanguage\":\"pl-PL\",\"@id\":\"https:\/\/woodenroute.ekarpaty.com\/#\/schema\/person\/image\/\",\"url\":\"https:\/\/secure.gravatar.com\/avatar\/333a879f861aa59e7ae3ba6b5f596d961d5ab9d298e3f2ed89a000cc010af71f?s=96&d=mm&r=g\",\"contentUrl\":\"https:\/\/secure.gravatar.com\/avatar\/333a879f861aa59e7ae3ba6b5f596d961d5ab9d298e3f2ed89a000cc010af71f?s=96&d=mm&r=g\",\"caption\":\"\u0410\u043d\u0442\u043e\u043d \u0421\u043e\u043a\u043e\u043b\u043e\u0432\"},\"sameAs\":[\"https:\/\/antonsokolov.pp.ua\/\"],\"url\":\"https:\/\/woodenroute.ekarpaty.com\/pl\/author\/sokoloff-anton\/\"}]}<\/script>\n<!-- \/ Yoast SEO plugin. -->","yoast_head_json":{"title":"Cerkiew Narodzenia Naj\u015bwi\u0119tszej Marii Panny - Carpathian Wooden Route","robots":{"index":"index","follow":"follow","max-snippet":"max-snippet:-1","max-image-preview":"max-image-preview:large","max-video-preview":"max-video-preview:-1"},"canonical":"https:\/\/woodenroute.ekarpaty.com\/czerkva-rizdva-bogorodiczi\/","og_locale":"pl_PL","og_type":"article","og_title":"Cerkiew Narodzenia Naj\u015bwi\u0119tszej Marii Panny - Carpathian Wooden Route","og_description":"Jawor\u00f3w, 1670&nbsp;r.","og_url":"https:\/\/woodenroute.ekarpaty.com\/czerkva-rizdva-bogorodiczi\/","og_site_name":"Carpathian Wooden Route","article_published_time":"2021-04-16T16:40:33+00:00","article_modified_time":"2022-01-15T21:06:15+00:00","og_image":[{"width":1280,"height":853,"url":"https:\/\/woodenroute.ekarpaty.com\/wp-content\/uploads\/2021\/04\/yavoriv-cerkva-rizdva-05-hubi-scaled.jpg","type":"image\/jpeg"}],"author":"\u0410\u043d\u0442\u043e\u043d \u0421\u043e\u043a\u043e\u043b\u043e\u0432","twitter_card":"summary_large_image","twitter_misc":{"Napisane przez":"\u0410\u043d\u0442\u043e\u043d \u0421\u043e\u043a\u043e\u043b\u043e\u0432","Szacowany czas czytania":"6 minut"},"schema":{"@context":"https:\/\/schema.org","@graph":[{"@type":"WebPage","@id":"https:\/\/woodenroute.ekarpaty.com\/czerkva-rizdva-bogorodiczi\/","url":"https:\/\/woodenroute.ekarpaty.com\/czerkva-rizdva-bogorodiczi\/","name":"[:ua]\u0426\u0435\u0440\u043a\u0432\u0430 \u0420\u0456\u0437\u0434\u0432\u0430 \u0411\u043e\u0433\u043e\u0440\u043e\u0434\u0438\u0446\u0456[:pl]Cerkiew Narodzenia Naj\u015bwi\u0119tszej Marii Panny[:en]Church of the Nativity of the Virgin[:] - Carpathian Wooden Route","isPartOf":{"@id":"https:\/\/woodenroute.ekarpaty.com\/#website"},"primaryImageOfPage":{"@id":"https:\/\/woodenroute.ekarpaty.com\/czerkva-rizdva-bogorodiczi\/#primaryimage"},"image":{"@id":"https:\/\/woodenroute.ekarpaty.com\/czerkva-rizdva-bogorodiczi\/#primaryimage"},"thumbnailUrl":"https:\/\/woodenroute.ekarpaty.com\/wp-content\/uploads\/2021\/04\/yavoriv-cerkva-rizdva-05-hubi-scaled.jpg","datePublished":"2021-04-16T16:40:33+00:00","dateModified":"2022-01-15T21:06:15+00:00","author":{"@id":"https:\/\/woodenroute.ekarpaty.com\/#\/schema\/person\/da8f4c625d4efdb4ec104877b0ad733f"},"breadcrumb":{"@id":"https:\/\/woodenroute.ekarpaty.com\/czerkva-rizdva-bogorodiczi\/#breadcrumb"},"inLanguage":"pl-PL","potentialAction":[{"@type":"ReadAction","target":["https:\/\/woodenroute.ekarpaty.com\/czerkva-rizdva-bogorodiczi\/"]}]},{"@type":"ImageObject","inLanguage":"pl-PL","@id":"https:\/\/woodenroute.ekarpaty.com\/czerkva-rizdva-bogorodiczi\/#primaryimage","url":"https:\/\/woodenroute.ekarpaty.com\/wp-content\/uploads\/2021\/04\/yavoriv-cerkva-rizdva-05-hubi-scaled.jpg","contentUrl":"https:\/\/woodenroute.ekarpaty.com\/wp-content\/uploads\/2021\/04\/yavoriv-cerkva-rizdva-05-hubi-scaled.jpg","width":1280,"height":853},{"@type":"BreadcrumbList","@id":"https:\/\/woodenroute.ekarpaty.com\/czerkva-rizdva-bogorodiczi\/#breadcrumb","itemListElement":[{"@type":"ListItem","position":1,"name":"Home","item":"https:\/\/woodenroute.ekarpaty.com\/"},{"@type":"ListItem","position":2,"name":"\u0426\u0435\u0440\u043a\u0432\u0430 \u0420\u0456\u0437\u0434\u0432\u0430 \u0411\u043e\u0433\u043e\u0440\u043e\u0434\u0438\u0446\u0456"}]},{"@type":"WebSite","@id":"https:\/\/woodenroute.ekarpaty.com\/#website","url":"https:\/\/woodenroute.ekarpaty.com\/","name":"Carpathian Wooden Route","description":"\u041f\u043e\u0434\u043e\u0440\u043e\u0436\u0456 \u041a\u0430\u0440\u043f\u0430\u0442\u0430\u043c\u0438","potentialAction":[{"@type":"SearchAction","target":{"@type":"EntryPoint","urlTemplate":"https:\/\/woodenroute.ekarpaty.com\/?s={search_term_string}"},"query-input":{"@type":"PropertyValueSpecification","valueRequired":true,"valueName":"search_term_string"}}],"inLanguage":"pl-PL"},{"@type":"Person","@id":"https:\/\/woodenroute.ekarpaty.com\/#\/schema\/person\/da8f4c625d4efdb4ec104877b0ad733f","name":"\u0410\u043d\u0442\u043e\u043d \u0421\u043e\u043a\u043e\u043b\u043e\u0432","image":{"@type":"ImageObject","inLanguage":"pl-PL","@id":"https:\/\/woodenroute.ekarpaty.com\/#\/schema\/person\/image\/","url":"https:\/\/secure.gravatar.com\/avatar\/333a879f861aa59e7ae3ba6b5f596d961d5ab9d298e3f2ed89a000cc010af71f?s=96&d=mm&r=g","contentUrl":"https:\/\/secure.gravatar.com\/avatar\/333a879f861aa59e7ae3ba6b5f596d961d5ab9d298e3f2ed89a000cc010af71f?s=96&d=mm&r=g","caption":"\u0410\u043d\u0442\u043e\u043d \u0421\u043e\u043a\u043e\u043b\u043e\u0432"},"sameAs":["https:\/\/antonsokolov.pp.ua\/"],"url":"https:\/\/woodenroute.ekarpaty.com\/pl\/author\/sokoloff-anton\/"}]}},"_links":{"self":[{"href":"https:\/\/woodenroute.ekarpaty.com\/pl\/wp-json\/wp\/v2\/posts\/136","targetHints":{"allow":["GET"]}}],"collection":[{"href":"https:\/\/woodenroute.ekarpaty.com\/pl\/wp-json\/wp\/v2\/posts"}],"about":[{"href":"https:\/\/woodenroute.ekarpaty.com\/pl\/wp-json\/wp\/v2\/types\/post"}],"author":[{"embeddable":true,"href":"https:\/\/woodenroute.ekarpaty.com\/pl\/wp-json\/wp\/v2\/users\/2"}],"replies":[{"embeddable":true,"href":"https:\/\/woodenroute.ekarpaty.com\/pl\/wp-json\/wp\/v2\/comments?post=136"}],"version-history":[{"count":13,"href":"https:\/\/woodenroute.ekarpaty.com\/pl\/wp-json\/wp\/v2\/posts\/136\/revisions"}],"predecessor-version":[{"id":2475,"href":"https:\/\/woodenroute.ekarpaty.com\/pl\/wp-json\/wp\/v2\/posts\/136\/revisions\/2475"}],"wp:featuredmedia":[{"embeddable":true,"href":"https:\/\/woodenroute.ekarpaty.com\/pl\/wp-json\/wp\/v2\/media\/138"}],"wp:attachment":[{"href":"https:\/\/woodenroute.ekarpaty.com\/pl\/wp-json\/wp\/v2\/media?parent=136"}],"wp:term":[{"taxonomy":"category","embeddable":true,"href":"https:\/\/woodenroute.ekarpaty.com\/pl\/wp-json\/wp\/v2\/categories?post=136"},{"taxonomy":"post_tag","embeddable":true,"href":"https:\/\/woodenroute.ekarpaty.com\/pl\/wp-json\/wp\/v2\/tags?post=136"}],"curies":[{"name":"wp","href":"https:\/\/api.w.org\/{rel}","templated":true}]}}